{"id":7039,"date":"2018-09-15T19:34:41","date_gmt":"2018-09-15T17:34:41","guid":{"rendered":"https:\/\/cristinasaura.com\/?p=7039"},"modified":"2018-09-11T17:26:49","modified_gmt":"2018-09-11T17:26:49","slug":"porque-soy-disenadora-de-moda","status":"publish","type":"post","link":"https:\/\/cristinasaura.com\/en\/porque-soy-disenadora-de-moda\/","title":{"rendered":"PORQU\u00c9 SOY DISE\u00d1ADORA DE MODA"},"content":{"rendered":"<p>[et_pb_section bb_built=&#8221;1&#8243; fullwidth=&#8221;on&#8221; disabled_on=&#8221;off|off|off&#8221; _builder_version=&#8221;3.0.98&#8243; custom_padding=&#8221;0px|0px|0px|0px&#8221; collapsed=&#8221;off&#8221; next_background_color=&#8221;#f9f9f9&#8243;][et_pb_fullwidth_post_title title=&#8221;off&#8221; comments=&#8221;off&#8221; featured_placement=&#8221;background&#8221; text_color=&#8221;light&#8221; _builder_version=&#8221;3.9&#8243; title_font_size=&#8221;42px&#8221; title_text_shadow_style=&#8221;preset3&#8243; meta_font_size=&#8221;18&#8243; meta_text_color=&#8221;#ffffff&#8221; custom_padding=&#8221;200px||50px|&#8221; \/][\/et_pb_section][et_pb_section bb_built=&#8221;1&#8243; background_color=&#8221;#f9f9f9&#8243; custom_padding_last_edited=&#8221;on|phone&#8221; _builder_version=&#8221;3.0.98&#8243; max_width_tablet=&#8221;70%&#8221; max_width_phone=&#8221;90%&#8221; max_width_last_edited=&#8221;off|phone&#8221; custom_margin=&#8221;||0px|&#8221; custom_padding=&#8221;|0px|0px|0px&#8221; prev_background_color=&#8221;#ffffff&#8221;][et_pb_row use_custom_width=&#8221;on&#8221; custom_width_px=&#8221;711px&#8221; custom_margin=&#8221;40px|||&#8221; _builder_version=&#8221;3.0.96&#8243;][et_pb_column type=&#8221;4_4&#8243;][et_pb_divider admin_label=&#8221;Linea Capital &#8211; 82 \/ 4&#8243; color=&#8221;#000000&#8243; show_divider=&#8221;on&#8221; divider_position=&#8221;center&#8221; divider_weight=&#8221;4&#8243; height=&#8221;20px&#8221; _builder_version=&#8221;3.0.96&#8243; max_width=&#8221;50px&#8221; module_alignment=&#8221;left&#8221; custom_margin=&#8221;0px|0px|10px|0px&#8221; custom_margin_last_edited=&#8221;on|desktop&#8221; custom_padding=&#8221;0px|0px|0px|80px&#8221; custom_padding_phone=&#8221;0px|0px|0px|0px&#8221; custom_padding_last_edited=&#8221;on|desktop&#8221; \/][et_pb_text admin_label=&#8221;Letra Capital&#8221; _builder_version=&#8221;3.9&#8243; text_font=&#8221;|300||on|||||&#8221; text_font_size=&#8221;85px&#8221; text_line_height=&#8221;1em&#8221; border_color_all=&#8221;#ffffff&#8221; border_style_all=&#8221;none&#8221; custom_margin=&#8221;-30px|0px|0px|0px&#8221; custom_margin_phone=&#8221;-10px|0px|50px|0px&#8221; custom_margin_last_edited=&#8221;on|phone&#8221; custom_padding=&#8221;0px|0px|0px|0px&#8221;]<\/p>\n<p>P<\/p>\n<p>[\/et_pb_text][et_pb_text admin_label=&#8221;Titulo Capital&#8221; _builder_version=&#8221;3.9&#8243; text_font=&#8221;|300||on|||||&#8221; header_font=&#8221;|300||on|||||&#8221; header_2_font=&#8221;|300|||||||&#8221; header_3_font=&#8221;|300|||||||&#8221; header_4_font=&#8221;|300|||||||&#8221; header_5_font=&#8221;|300|||||||&#8221; header_6_font=&#8221;|300|||||||&#8221; custom_margin=&#8221;-50px|0px|0px|0px&#8221; custom_margin_last_edited=&#8221;on|desktop&#8221; custom_padding=&#8221;0px|0px|0px|80px&#8221; custom_padding_phone=&#8221;0px|0px|0px|0px&#8221; custom_padding_last_edited=&#8221;on|desktop&#8221;]<\/p>\n<h1 class=\"entry-title\" style=\"text-align: center;\">Porqu\u00e9 soy dise\u00f1adora de moda<\/h1>\n<p>[\/et_pb_text][et_pb_text admin_label=&#8221;Texto Capital&#8221; _builder_version=&#8221;3.9&#8243; text_font=&#8221;|300|||||||&#8221; custom_margin=&#8221;0px|0px|0px|0px&#8221; custom_margin_last_edited=&#8221;on|phone&#8221; custom_padding=&#8221;0px|0px|0px|80px&#8221; custom_padding_phone=&#8221;0px|0px|0px|0px&#8221; custom_padding_last_edited=&#8221;on|desktop&#8221;]<\/p>\n<p style=\"text-align: center;\">Mi amigo Jordi, que es profesor de ESO me dijo cu\u00e1ndo nos conocimos, que eso de ser dise\u00f1adora de moda no le parec\u00eda una profesi\u00f3n muy habitual.<\/p>\n<p style=\"text-align: center;\">&#8211; \u201c\u00bfCu\u00e1ntos abogados, inform\u00e1ticos, gestores, funcionarios, operarios crees que hay en un distrito de Barcelona?<br \/>\n&#8211; Pues habr\u00e1, con toda seguridad en mayor o menor medida, contest\u00e9.<br \/>\n&#8211; \u00bfY dise\u00f1adores de moda?<br \/>\n&#8211; Alguno o ninguno, le respond\u00ed.<br \/>\n&#8211; Y \u00bfcu\u00e1ntos de tus compa\u00f1eros de promoci\u00f3n ejercen en la actualidad como dise\u00f1adores de moda?<br \/>\n&#8211; Alguien m\u00e1s, o puede que nadie. \u201c<\/p>\n<p style=\"text-align: center;\">A\u00f1os atr\u00e1s, en mi \u00e9poca de estudiante de moda en IDEP, recuerdo como mi convencimiento de que iba a ser dise\u00f1adora de moda, hab\u00eda llamado la atenci\u00f3n de la profesora de vestuario de cine.<br \/>\nEsc\u00e9ptica, en las primeras hojas del libro , <a href=\"https:\/\/www.amazon.es\/moda-imagen-historia-Carmen-Peyri\/dp\/8440473222\">\u201cLa moda imagen de la historia\u201d<\/a>, del que es autora, Carmen L. Peyri me dedica la siguiente nota manuscrita:<br \/>\n\u201cCristina, el camino de la moda es largo y dif\u00edcil, pero \u2026 Adelante\u201d<\/p>\n<p style=\"text-align: center;\">Y s\u00ed me result\u00f3 complicado, pero curiosamente no tanto por lo que entra\u00f1a de dificultad desempe\u00f1ar este oficio en s\u00ed, por el cual mostr\u00e9 muy pronto habilidades, sino como consecuencia de un entorno poco propicio.<\/p>\n<p style=\"text-align: center;\">Lo descubr\u00ed por casualidad.<br \/>\nFue una certeza. Amor a primera vista.<br \/>\nUna tremenda ilusi\u00f3n. Tanta \u2026<br \/>\nLa misma que siento hoy. Sigo emocion\u00e1ndome con solo pensarlo.<\/p>\n<p style=\"text-align: center;\">Ese convencimiento me ha llevado a equivocarme una y otra vez durante largos periodos de tiempo. Pero qu\u00e9 gran escuela el error.<br \/>\nHasta que un d\u00eda detecto que el yerro es menor, acierto de vez en cuando y me sorprendo.<br \/>\nY comienzan a sucederse los logros. Y en cada uno de ellos reconozco la sabidur\u00eda que me brind\u00f3 ese y aquel error pasado. Aquellos que di por in\u00fatiles y absurdos.<\/p>\n<p>Ahora reconozco y saboreo la seguridad, fruto de la experiencia del fracaso.<\/p>\n<p>S\u00ed. En muchos momentos la cuesta arriba se normaliz\u00f3 en el d\u00eda a d\u00eda.<br \/>\n<a href=\"https:\/\/cristinasaura.com\/\">Ahora, el reto, la dificultad se han convertido en modo de vida.<\/a><br \/>\nUn h\u00e1bito que me convierte en competente tanto en el terreno de la empresa y profesional, como en el plano personal y social.<br \/>\n\u201c Haz que el d\u00eda de hoy cuente. S\u00e9 la mejor versi\u00f3n de ti misma\u201d, afirmo mentalmente a menudo.<\/p>\n<h2 style=\"text-align: center;\">La an\u00e9cdota,<\/h2>\n<p style=\"text-align: center;\">Estos d\u00edas estoy embarcada en un dise\u00f1o nuevo:<br \/>\nTen\u00eda la idea en mente de una pieza que complementara mi colecci\u00f3n de Alta Costura. Qu\u00e9 ilusi\u00f3n desarrollarla. Me encantar\u00eda pensaba, pero, \u00bfcu\u00e1nto voy a tardar en hacerla realidad? Porque hay dise\u00f1os que he materializado en un par de d\u00edas, pero otros he tardado hasta a\u00f1os en llevar a buen puerto, mientras versiono aproximaciones. Lo bueno es que, a priori s\u00e9 que saldr\u00e1 y bien. Es el r\u00e9dito de la experiencia, el compromiso y de la confianza en m\u00ed misma. No puedo precisar en cuanto tiempo lo lograr\u00e9 y dirigiendo un negocio no siempre puedo disponer de todo el que se toma una nueva creaci\u00f3n.<br \/>\nBien, he apostado por \u00e9l una semana de mi valioso tiempo:<br \/>\n\u201cSi no sale algo realmente bueno en esta semana, seguir\u00e9 m\u00e1s adelante\u201d, me dije<br \/>\nNo s\u00e9 cu\u00e1ntos prototipos han sido necesarios porque no los cuento, pero m\u00e1s que dedos tengo sumando los de las 2 manos, seguro.<br \/>\nQu\u00e9 alegr\u00eda haber podido hacerlo realidad y comprobar el resultado: sencillamente exquisito.<br \/>\nEn los tanteos iniciales soy como elefante de cacharrer\u00eda y en cada prueba valoro los noes y por d\u00f3nde avanzar. Aliento y protejo todo el proceso creativo con pensamientos en positivo. Conf\u00edo plenamente en que el resultado ser\u00e1 extraordinario. Y me entrego a ello en silencio. Concentrada solo en eso sin distracciones.<\/p>\n<p style=\"text-align: center;\">Gracias por esta voluntad, perseverancia y capacidades.<br \/>\nGracias al cielo que conspira en mi objetivo.<br \/>\nGracias Oscar por tu apoyo, tu cari\u00f1o y tu fe incondicional en m\u00ed.<\/p>\n<h2 style=\"text-align: center;\">Ahora tengo mi propio sistema de emprender y estos son los pasos,<\/h2>\n<p style=\"text-align: center;\">1.- Visualizar el resultado: dibujo, imagino y lo arropo de ilusi\u00f3n.<br \/>\n2.- Voluntad: ir, acci\u00f3n, (los planes, de poco me han servido, m\u00e1s all\u00e1 de se\u00f1alar la direcci\u00f3n).<br \/>\n3.- Contar con el componente error como parte necesaria de cualquier iniciativa.<br \/>\n4.- Perseverar: hacer todo lo que est\u00e9 a mi alcance y m\u00e1s.<br \/>\n5.- Documentar: tengo la buena costumbre de hacer memorias, as\u00ed si sale bien tengo el m\u00e9todo y en caso de obtener una consecuencia diferente a la prevista, la experiencia.<br \/>\n6.- Estar atenta y valorar la intuici\u00f3n.<br \/>\n7.- Aceptar el resultado y los tiempos, sin juzgar. A veces \u201cno\u201d simplemente significa \u201cespera\u201d. Espera al segundo intento, al tercero, al cuarto.<\/p>\n<h2 style=\"text-align: center;\">No sin la actitud,<\/h2>\n<p style=\"text-align: center;\">Dispuesta al reto, a dar lo mejor de m\u00ed y a explorar los l\u00edmites propios.<br \/>\nRendirme o mirar para atr\u00e1s, nunca.<\/p>\n<h2 style=\"text-align: center;\">La reflexi\u00f3n \u00faltima,<\/h2>\n<p style=\"text-align: center;\">\u201cTanto si hacemos lo que deseamos como si no, el tiempo pasar\u00e1 igualmente porque el reloj nunca se detiene. Por tanto, es mejor que empecemos a realizar nuestros sue\u00f1os cuanto antes.\u201d<br \/>\n(CORAZ\u00d3N QUE SIENTE, OJOS QUE VEN \/ M. M. Conangla i J. Soler)<\/p>\n<p style=\"text-align: center;\">\u00abSi no act\u00faas sobre la vida, ella actuar\u00e1 sobre ti. Los d\u00edas se convertir\u00e1n en semanas y las semanas en meses, y antes de que te des cuenta, tu vida habr\u00e1 acabado\u00bb.<br \/>\n(Robin Sharma)<\/p>\n<p>[\/et_pb_text][et_pb_image src=&#8221;http:\/\/cristinasaura.com\/wp-content\/uploads\/2018\/01\/LEONOR_3.jpg&#8221; show_in_lightbox=&#8221;on&#8221; disabled_on=&#8221;on|on|on&#8221; _builder_version=&#8221;3.0.98&#8243; custom_margin=&#8221;40px||40px|&#8221; disabled=&#8221;on&#8221; \/][et_pb_text admin_label=&#8221;Texto Capital&#8221; disabled_on=&#8221;on|on|on&#8221; _builder_version=&#8221;3.9&#8243; text_font=&#8221;|300|||||||&#8221; custom_margin=&#8221;0px|0px|0px|0px&#8221; custom_margin_last_edited=&#8221;on|phone&#8221; custom_padding=&#8221;0px|0px|0px|80px&#8221; custom_padding_phone=&#8221;0px|0px|0px|0px&#8221; custom_padding_last_edited=&#8221;on|desktop&#8221; disabled=&#8221;on&#8221;]<\/p>\n<p>Es un tema de tendencia de moda el que podemos ver en este modelo, que lleva tras de s\u00ed un desarrollo totalmente artesanal de modelaje y posterior elaboraci\u00f3n. Por qu\u00e9 no decir que me ha costado alguna lagrimita, por aquello de no saber \u201csi estaba en la senda del error o del acierto\u201d. Tambi\u00e9n he cosechado ya la alegr\u00eda, por cuanto ha gustado, y la satisfacci\u00f3n, por un trabajo bien hecho.<\/p>\n<p>[\/et_pb_text][et_pb_divider admin_label=&#8221;Separador 70&#8243; _builder_version=&#8221;3.9&#8243; show_divider=&#8221;off&#8221; height=&#8221;75px&#8221; \/][\/et_pb_column][\/et_pb_row][\/et_pb_section]<\/p>\n","protected":false},"excerpt":{"rendered":"<p>El reto, la dificultad se han convertido en modo de vida.<br \/>\nUn h\u00e1bito que me convierte en competente tanto en el terreno de la empresa y profesional, como en el plano personal  y social.<\/p>\n","protected":false},"author":3,"featured_media":6456,"comment_status":"open","ping_status":"open","sticky":false,"template":"","format":"standard","meta":{"_et_pb_use_builder":"on","_et_pb_old_content":"<p>Acerca de m\u00ed,<\/p><p>Un d\u00eda aparentemente desafortunado, la casualidad me puso frente al desconocido camino de la moda. Despert\u00f3 todo mi inter\u00e9s. Supe que era el m\u00edo y tuve el coraje de emprenderlo.<\/p><p>En ocasiones ha sido dif\u00edcil, lo reconozco, pero he descubierto,<\/p><ul><li>Que tanto a cerca de mi profesi\u00f3n, como sobre m\u00ed misma, hay tanto por explorar y aprender,<\/li><li>Que eres bueno en algo porque la motivaci\u00f3n te lleva a entregarte hasta la excel\u00e9ncia, y<\/li><li>Que equivocarme me permite acercarme con experiencia al acierto. Entiendo el error como parte del proceso de creaci\u00f3n, como lo es parte de la vida misma.<\/li><\/ul><p>Os dejo el detalle del proceso creativo de uno de los \u00faltimos dise\u00f1os de la colecci\u00f3n de vestidos de novia para CRISTINA SAURA: <a href=\"https:\/\/cristinasaura.com\/vestido-novia-valeria\/\" target=\"_blank\" rel=\"noopener\">Valeria<\/a>.<\/p><p>Es un tema de tendencia de moda el que podemos ver en este modelo, que lleva tras de s\u00ed un desarrollo totalmente artesanal de modelaje y posterior elaboraci\u00f3n. Por qu\u00e9 no decir que me ha costado alguna lagrimita, por aquello de no saber \u201csi estaba en la senda del error o del acierto\u201d. Tambi\u00e9n he cosechado ya la alegr\u00eda, por cuanto ha gustado, y la satisfacci\u00f3n, por un trabajo bien hecho.<\/p>","_et_gb_content_width":"","footnotes":""},"categories":[94],"tags":[112,113,114],"class_list":["post-7039","post","type-post","status-publish","format-standard","has-post-thumbnail","hentry","category-vital-project","tag-creative-process","tag-designer-brand","tag-fashion-designer"],"yoast_head":"<!-- This site is optimized with the Yoast SEO plugin v26.9 - https:\/\/yoast.com\/product\/yoast-seo-wordpress\/ -->\n<title>PORQU\u00c9 SOY DISE\u00d1ADORA DE MODA - Cristina Saura<\/title>\n<meta name=\"robots\" content=\"index, follow, max-snippet:-1, max-image-preview:large, max-video-preview:-1\" \/>\n<link rel=\"canonical\" href=\"https:\/\/cristinasaura.com\/en\/porque-soy-disenadora-de-moda\/\" \/>\n<meta property=\"og:locale\" content=\"en_US\" \/>\n<meta property=\"og:type\" content=\"article\" \/>\n<meta property=\"og:title\" content=\"PORQU\u00c9 SOY DISE\u00d1ADORA DE MODA - Cristina Saura\" \/>\n<meta property=\"og:description\" content=\"El reto, la dificultad se han convertido en modo de vida. Un h\u00e1bito que me convierte en competente tanto en el terreno de la empresa y profesional, como en el plano personal y social.\" \/>\n<meta property=\"og:url\" content=\"https:\/\/cristinasaura.com\/en\/porque-soy-disenadora-de-moda\/\" \/>\n<meta property=\"og:site_name\" content=\"Cristina Saura\" \/>\n<meta property=\"article:publisher\" content=\"https:\/\/www.facebook.com\/cristinasaurabarcelona\/\" \/>\n<meta property=\"article:published_time\" content=\"2018-09-15T17:34:41+00:00\" \/>\n<meta property=\"og:image\" content=\"https:\/\/cristinasaura.com\/wp-content\/uploads\/2018\/07\/Cristina-Saura-dise\u00f1adora-de-moda.png\" \/>\n\t<meta property=\"og:image:width\" content=\"598\" \/>\n\t<meta property=\"og:image:height\" content=\"708\" \/>\n\t<meta property=\"og:image:type\" content=\"image\/png\" \/>\n<meta name=\"author\" content=\"Cristina\" \/>\n<meta name=\"twitter:card\" content=\"summary_large_image\" \/>\n<meta name=\"twitter:creator\" content=\"@cristinasabcn\" \/>\n<meta name=\"twitter:site\" content=\"@cristinasabcn\" \/>\n<meta name=\"twitter:label1\" content=\"Written by\" \/>\n\t<meta name=\"twitter:data1\" content=\"Cristina\" \/>\n\t<meta name=\"twitter:label2\" content=\"Est. reading time\" \/>\n\t<meta name=\"twitter:data2\" content=\"7 minutes\" \/>\n<script type=\"application\/ld+json\" class=\"yoast-schema-graph\">{\"@context\":\"https:\/\/schema.org\",\"@graph\":[{\"@type\":\"Article\",\"@id\":\"https:\/\/cristinasaura.com\/en\/porque-soy-disenadora-de-moda\/#article\",\"isPartOf\":{\"@id\":\"https:\/\/cristinasaura.com\/en\/porque-soy-disenadora-de-moda\/\"},\"author\":{\"name\":\"Cristina\",\"@id\":\"https:\/\/cristinasaura.com\/#\/schema\/person\/92f37e1c21fbfa9365b896e2c22006b2\"},\"headline\":\"PORQU\u00c9 SOY DISE\u00d1ADORA DE MODA\",\"datePublished\":\"2018-09-15T17:34:41+00:00\",\"mainEntityOfPage\":{\"@id\":\"https:\/\/cristinasaura.com\/en\/porque-soy-disenadora-de-moda\/\"},\"wordCount\":1460,\"commentCount\":0,\"publisher\":{\"@id\":\"https:\/\/cristinasaura.com\/#organization\"},\"image\":{\"@id\":\"https:\/\/cristinasaura.com\/en\/porque-soy-disenadora-de-moda\/#primaryimage\"},\"thumbnailUrl\":\"https:\/\/cristinasaura.com\/wp-content\/uploads\/2018\/07\/Cristina-Saura-dise\u00f1adora-de-moda.png\",\"keywords\":[\"Creative process\",\"Designer brand\",\"Fashion designer\"],\"articleSection\":[\"Vital Project\"],\"inLanguage\":\"en-US\",\"potentialAction\":[{\"@type\":\"CommentAction\",\"name\":\"Comment\",\"target\":[\"https:\/\/cristinasaura.com\/en\/porque-soy-disenadora-de-moda\/#respond\"]}]},{\"@type\":\"WebPage\",\"@id\":\"https:\/\/cristinasaura.com\/en\/porque-soy-disenadora-de-moda\/\",\"url\":\"https:\/\/cristinasaura.com\/en\/porque-soy-disenadora-de-moda\/\",\"name\":\"PORQU\u00c9 SOY DISE\u00d1ADORA DE MODA - Cristina Saura\",\"isPartOf\":{\"@id\":\"https:\/\/cristinasaura.com\/#website\"},\"primaryImageOfPage\":{\"@id\":\"https:\/\/cristinasaura.com\/en\/porque-soy-disenadora-de-moda\/#primaryimage\"},\"image\":{\"@id\":\"https:\/\/cristinasaura.com\/en\/porque-soy-disenadora-de-moda\/#primaryimage\"},\"thumbnailUrl\":\"https:\/\/cristinasaura.com\/wp-content\/uploads\/2018\/07\/Cristina-Saura-dise\u00f1adora-de-moda.png\",\"datePublished\":\"2018-09-15T17:34:41+00:00\",\"breadcrumb\":{\"@id\":\"https:\/\/cristinasaura.com\/en\/porque-soy-disenadora-de-moda\/#breadcrumb\"},\"inLanguage\":\"en-US\",\"potentialAction\":[{\"@type\":\"ReadAction\",\"target\":[\"https:\/\/cristinasaura.com\/en\/porque-soy-disenadora-de-moda\/\"]}]},{\"@type\":\"ImageObject\",\"inLanguage\":\"en-US\",\"@id\":\"https:\/\/cristinasaura.com\/en\/porque-soy-disenadora-de-moda\/#primaryimage\",\"url\":\"https:\/\/cristinasaura.com\/wp-content\/uploads\/2018\/07\/Cristina-Saura-dise\u00f1adora-de-moda.png\",\"contentUrl\":\"https:\/\/cristinasaura.com\/wp-content\/uploads\/2018\/07\/Cristina-Saura-dise\u00f1adora-de-moda.png\",\"width\":598,\"height\":708},{\"@type\":\"BreadcrumbList\",\"@id\":\"https:\/\/cristinasaura.com\/en\/porque-soy-disenadora-de-moda\/#breadcrumb\",\"itemListElement\":[{\"@type\":\"ListItem\",\"position\":1,\"name\":\"Portada\",\"item\":\"https:\/\/cristinasaura.com\/en\/\"},{\"@type\":\"ListItem\",\"position\":2,\"name\":\"PORQU\u00c9 SOY DISE\u00d1ADORA DE MODA\"}]},{\"@type\":\"WebSite\",\"@id\":\"https:\/\/cristinasaura.com\/#website\",\"url\":\"https:\/\/cristinasaura.com\/\",\"name\":\"Cristina Saura\",\"description\":\"Dise\u00f1adora de vestidos de Alta Costura para Novias en Barcelona\",\"publisher\":{\"@id\":\"https:\/\/cristinasaura.com\/#organization\"},\"potentialAction\":[{\"@type\":\"SearchAction\",\"target\":{\"@type\":\"EntryPoint\",\"urlTemplate\":\"https:\/\/cristinasaura.com\/?s={search_term_string}\"},\"query-input\":{\"@type\":\"PropertyValueSpecification\",\"valueRequired\":true,\"valueName\":\"search_term_string\"}}],\"inLanguage\":\"en-US\"},{\"@type\":\"Organization\",\"@id\":\"https:\/\/cristinasaura.com\/#organization\",\"name\":\"CRISTINA SAURA\",\"url\":\"https:\/\/cristinasaura.com\/\",\"logo\":{\"@type\":\"ImageObject\",\"inLanguage\":\"en-US\",\"@id\":\"https:\/\/cristinasaura.com\/#\/schema\/logo\/image\/\",\"url\":\"http:\/\/cristinasaura.com\/wp-content\/uploads\/2017\/12\/cristina-saura-logo.png\",\"contentUrl\":\"http:\/\/cristinasaura.com\/wp-content\/uploads\/2017\/12\/cristina-saura-logo.png\",\"width\":687,\"height\":293,\"caption\":\"CRISTINA SAURA\"},\"image\":{\"@id\":\"https:\/\/cristinasaura.com\/#\/schema\/logo\/image\/\"},\"sameAs\":[\"https:\/\/www.facebook.com\/cristinasaurabarcelona\/\",\"https:\/\/x.com\/cristinasabcn\",\"https:\/\/www.instagram.com\/cristinasaurabcn\/\",\"https:\/\/www.pinterest.es\/designercsaura\/\"]},{\"@type\":\"Person\",\"@id\":\"https:\/\/cristinasaura.com\/#\/schema\/person\/92f37e1c21fbfa9365b896e2c22006b2\",\"name\":\"Cristina\",\"image\":{\"@type\":\"ImageObject\",\"inLanguage\":\"en-US\",\"@id\":\"https:\/\/cristinasaura.com\/#\/schema\/person\/image\/\",\"url\":\"https:\/\/secure.gravatar.com\/avatar\/2bbd0869c24beebff2cd87979a40e7387592b7b15693ecc3dc542b72955648c2?s=96&d=mm&r=g\",\"contentUrl\":\"https:\/\/secure.gravatar.com\/avatar\/2bbd0869c24beebff2cd87979a40e7387592b7b15693ecc3dc542b72955648c2?s=96&d=mm&r=g\",\"caption\":\"Cristina\"}}]}<\/script>\n<!-- \/ Yoast SEO plugin. -->","yoast_head_json":{"title":"PORQU\u00c9 SOY DISE\u00d1ADORA DE MODA - Cristina Saura","robots":{"index":"index","follow":"follow","max-snippet":"max-snippet:-1","max-image-preview":"max-image-preview:large","max-video-preview":"max-video-preview:-1"},"canonical":"https:\/\/cristinasaura.com\/en\/porque-soy-disenadora-de-moda\/","og_locale":"en_US","og_type":"article","og_title":"PORQU\u00c9 SOY DISE\u00d1ADORA DE MODA - Cristina Saura","og_description":"El reto, la dificultad se han convertido en modo de vida. Un h\u00e1bito que me convierte en competente tanto en el terreno de la empresa y profesional, como en el plano personal y social.","og_url":"https:\/\/cristinasaura.com\/en\/porque-soy-disenadora-de-moda\/","og_site_name":"Cristina Saura","article_publisher":"https:\/\/www.facebook.com\/cristinasaurabarcelona\/","article_published_time":"2018-09-15T17:34:41+00:00","og_image":[{"width":598,"height":708,"url":"https:\/\/cristinasaura.com\/wp-content\/uploads\/2018\/07\/Cristina-Saura-dise\u00f1adora-de-moda.png","type":"image\/png"}],"author":"Cristina","twitter_card":"summary_large_image","twitter_creator":"@cristinasabcn","twitter_site":"@cristinasabcn","twitter_misc":{"Written by":"Cristina","Est. reading time":"7 minutes"},"schema":{"@context":"https:\/\/schema.org","@graph":[{"@type":"Article","@id":"https:\/\/cristinasaura.com\/en\/porque-soy-disenadora-de-moda\/#article","isPartOf":{"@id":"https:\/\/cristinasaura.com\/en\/porque-soy-disenadora-de-moda\/"},"author":{"name":"Cristina","@id":"https:\/\/cristinasaura.com\/#\/schema\/person\/92f37e1c21fbfa9365b896e2c22006b2"},"headline":"PORQU\u00c9 SOY DISE\u00d1ADORA DE MODA","datePublished":"2018-09-15T17:34:41+00:00","mainEntityOfPage":{"@id":"https:\/\/cristinasaura.com\/en\/porque-soy-disenadora-de-moda\/"},"wordCount":1460,"commentCount":0,"publisher":{"@id":"https:\/\/cristinasaura.com\/#organization"},"image":{"@id":"https:\/\/cristinasaura.com\/en\/porque-soy-disenadora-de-moda\/#primaryimage"},"thumbnailUrl":"https:\/\/cristinasaura.com\/wp-content\/uploads\/2018\/07\/Cristina-Saura-dise\u00f1adora-de-moda.png","keywords":["Creative process","Designer brand","Fashion designer"],"articleSection":["Vital Project"],"inLanguage":"en-US","potentialAction":[{"@type":"CommentAction","name":"Comment","target":["https:\/\/cristinasaura.com\/en\/porque-soy-disenadora-de-moda\/#respond"]}]},{"@type":"WebPage","@id":"https:\/\/cristinasaura.com\/en\/porque-soy-disenadora-de-moda\/","url":"https:\/\/cristinasaura.com\/en\/porque-soy-disenadora-de-moda\/","name":"PORQU\u00c9 SOY DISE\u00d1ADORA DE MODA - Cristina Saura","isPartOf":{"@id":"https:\/\/cristinasaura.com\/#website"},"primaryImageOfPage":{"@id":"https:\/\/cristinasaura.com\/en\/porque-soy-disenadora-de-moda\/#primaryimage"},"image":{"@id":"https:\/\/cristinasaura.com\/en\/porque-soy-disenadora-de-moda\/#primaryimage"},"thumbnailUrl":"https:\/\/cristinasaura.com\/wp-content\/uploads\/2018\/07\/Cristina-Saura-dise\u00f1adora-de-moda.png","datePublished":"2018-09-15T17:34:41+00:00","breadcrumb":{"@id":"https:\/\/cristinasaura.com\/en\/porque-soy-disenadora-de-moda\/#breadcrumb"},"inLanguage":"en-US","potentialAction":[{"@type":"ReadAction","target":["https:\/\/cristinasaura.com\/en\/porque-soy-disenadora-de-moda\/"]}]},{"@type":"ImageObject","inLanguage":"en-US","@id":"https:\/\/cristinasaura.com\/en\/porque-soy-disenadora-de-moda\/#primaryimage","url":"https:\/\/cristinasaura.com\/wp-content\/uploads\/2018\/07\/Cristina-Saura-dise\u00f1adora-de-moda.png","contentUrl":"https:\/\/cristinasaura.com\/wp-content\/uploads\/2018\/07\/Cristina-Saura-dise\u00f1adora-de-moda.png","width":598,"height":708},{"@type":"BreadcrumbList","@id":"https:\/\/cristinasaura.com\/en\/porque-soy-disenadora-de-moda\/#breadcrumb","itemListElement":[{"@type":"ListItem","position":1,"name":"Portada","item":"https:\/\/cristinasaura.com\/en\/"},{"@type":"ListItem","position":2,"name":"PORQU\u00c9 SOY DISE\u00d1ADORA DE MODA"}]},{"@type":"WebSite","@id":"https:\/\/cristinasaura.com\/#website","url":"https:\/\/cristinasaura.com\/","name":"Cristina Saura","description":"Dise\u00f1adora de vestidos de Alta Costura para Novias en Barcelona","publisher":{"@id":"https:\/\/cristinasaura.com\/#organization"},"potentialAction":[{"@type":"SearchAction","target":{"@type":"EntryPoint","urlTemplate":"https:\/\/cristinasaura.com\/?s={search_term_string}"},"query-input":{"@type":"PropertyValueSpecification","valueRequired":true,"valueName":"search_term_string"}}],"inLanguage":"en-US"},{"@type":"Organization","@id":"https:\/\/cristinasaura.com\/#organization","name":"CRISTINA SAURA","url":"https:\/\/cristinasaura.com\/","logo":{"@type":"ImageObject","inLanguage":"en-US","@id":"https:\/\/cristinasaura.com\/#\/schema\/logo\/image\/","url":"http:\/\/cristinasaura.com\/wp-content\/uploads\/2017\/12\/cristina-saura-logo.png","contentUrl":"http:\/\/cristinasaura.com\/wp-content\/uploads\/2017\/12\/cristina-saura-logo.png","width":687,"height":293,"caption":"CRISTINA SAURA"},"image":{"@id":"https:\/\/cristinasaura.com\/#\/schema\/logo\/image\/"},"sameAs":["https:\/\/www.facebook.com\/cristinasaurabarcelona\/","https:\/\/x.com\/cristinasabcn","https:\/\/www.instagram.com\/cristinasaurabcn\/","https:\/\/www.pinterest.es\/designercsaura\/"]},{"@type":"Person","@id":"https:\/\/cristinasaura.com\/#\/schema\/person\/92f37e1c21fbfa9365b896e2c22006b2","name":"Cristina","image":{"@type":"ImageObject","inLanguage":"en-US","@id":"https:\/\/cristinasaura.com\/#\/schema\/person\/image\/","url":"https:\/\/secure.gravatar.com\/avatar\/2bbd0869c24beebff2cd87979a40e7387592b7b15693ecc3dc542b72955648c2?s=96&d=mm&r=g","contentUrl":"https:\/\/secure.gravatar.com\/avatar\/2bbd0869c24beebff2cd87979a40e7387592b7b15693ecc3dc542b72955648c2?s=96&d=mm&r=g","caption":"Cristina"}}]}},"_links":{"self":[{"href":"https:\/\/cristinasaura.com\/en\/wp-json\/wp\/v2\/posts\/7039","targetHints":{"allow":["GET"]}}],"collection":[{"href":"https:\/\/cristinasaura.com\/en\/wp-json\/wp\/v2\/posts"}],"about":[{"href":"https:\/\/cristinasaura.com\/en\/wp-json\/wp\/v2\/types\/post"}],"author":[{"embeddable":true,"href":"https:\/\/cristinasaura.com\/en\/wp-json\/wp\/v2\/users\/3"}],"replies":[{"embeddable":true,"href":"https:\/\/cristinasaura.com\/en\/wp-json\/wp\/v2\/comments?post=7039"}],"version-history":[{"count":0,"href":"https:\/\/cristinasaura.com\/en\/wp-json\/wp\/v2\/posts\/7039\/revisions"}],"wp:featuredmedia":[{"embeddable":true,"href":"https:\/\/cristinasaura.com\/en\/wp-json\/wp\/v2\/media\/6456"}],"wp:attachment":[{"href":"https:\/\/cristinasaura.com\/en\/wp-json\/wp\/v2\/media?parent=7039"}],"wp:term":[{"taxonomy":"category","embeddable":true,"href":"https:\/\/cristinasaura.com\/en\/wp-json\/wp\/v2\/categories?post=7039"},{"taxonomy":"post_tag","embeddable":true,"href":"https:\/\/cristinasaura.com\/en\/wp-json\/wp\/v2\/tags?post=7039"}],"curies":[{"name":"wp","href":"https:\/\/api.w.org\/{rel}","templated":true}]}}